{"id":1968,"date":"2025-12-01T12:00:39","date_gmt":"2025-12-01T10:00:39","guid":{"rendered":"https:\/\/gogreen-schweiz.ch\/?post_type=news&#038;p=1968"},"modified":"2025-12-17T15:18:32","modified_gmt":"2025-12-17T13:18:32","slug":"winterpause-auf-dem-wochenmarkt","status":"publish","type":"news","link":"https:\/\/gogreen-schweiz.ch\/en\/news\/winterpause-auf-dem-wochenmarkt\/","title":{"rendered":"Winterpause auf dem Wochenmarkt."},"content":{"rendered":"<p>Wir machen Winterpause auf dem Markt \u2013 aber Vitamine bleiben bei Ihnen! Ab 01.12.2025 bis 01.04.2026<\/p>\n\n\n\n<p>Von Dezember bis M\u00e4rz sind wir nicht auf dem Wochenmarkt, da Mikrogr\u00fcn nicht gut mit K\u00e4lte zurechtkommt.<\/p>\n\n\n\n<p>Aber Sie k\u00f6nnen unsere Produkte weiterhin das ganze Jahr \u00fcber geniessen!<\/p>\n\n\n\n<p><a href=\"https:\/\/gogreen-schweiz.ch\/en\/shop\/\">Online bestellen<\/a><\/p>\n\n\n\n<p><\/p>","protected":false},"excerpt":{"rendered":"<p>Wir machen Winterpause auf dem Markt \u2013 aber Vitamine bleiben bei Ihnen! Ab 01.12.2025 bis 01.04.2026 Von Dezember bis M\u00e4rz sind wir nicht auf dem Wochenmarkt, da Mikrogr\u00fcn nicht gut mit K\u00e4lte zurechtkommt. Aber Sie k\u00f6nnen unsere Produkte weiterhin das ganze Jahr \u00fcber geniessen! Online bestellen<\/p>","protected":false},"author":1,"featured_media":1894,"comment_status":"open","ping_status":"closed","template":"","tags":[],"news-category":[],"class_list":["post-1968","news","type-news","status-publish","has-post-thumbnail","hentry"],"yoast_head":"<!-- This site is optimized with the Yoast SEO plugin v27.5 - https:\/\/yoast.com\/product\/yoast-seo-wordpress\/ -->\n<title>Winterpause auf dem Wochenmarkt. - Go Green - Schweiz GmbH<\/title>\n<meta name=\"robots\" content=\"index, follow, max-snippet:-1, max-image-preview:large, max-video-preview:-1\" \/>\n<link rel=\"canonical\" href=\"https:\/\/gogreen-schweiz.ch\/en\/news\/winterpause-auf-dem-wochenmarkt\/\" \/>\n<meta property=\"og:locale\" content=\"en_GB\" \/>\n<meta property=\"og:type\" content=\"article\" \/>\n<meta property=\"og:title\" content=\"Winterpause auf dem Wochenmarkt. - Go Green - Schweiz GmbH\" \/>\n<meta property=\"og:description\" content=\"Wir machen Winterpause auf dem Markt \u2013 aber Vitamine bleiben bei Ihnen! Ab 01.12.2025 bis 01.04.2026 Von Dezember bis M\u00e4rz sind wir nicht auf dem Wochenmarkt, da Mikrogr\u00fcn nicht gut mit K\u00e4lte zurechtkommt. Aber Sie k\u00f6nnen unsere Produkte weiterhin das ganze Jahr \u00fcber geniessen! Online bestellen\" \/>\n<meta property=\"og:url\" content=\"https:\/\/gogreen-schweiz.ch\/en\/news\/winterpause-auf-dem-wochenmarkt\/\" \/>\n<meta property=\"og:site_name\" content=\"Go Green - Schweiz GmbH\" \/>\n<meta property=\"article:modified_time\" content=\"2025-12-17T13:18:32+00:00\" \/>\n<meta property=\"og:image\" content=\"https:\/\/gogreen-schweiz.ch\/wp-content\/uploads\/2025\/12\/winterpause.webp\" \/>\n\t<meta property=\"og:image:width\" content=\"400\" \/>\n\t<meta property=\"og:image:height\" content=\"515\" \/>\n\t<meta property=\"og:image:type\" content=\"image\/webp\" \/>\n<meta name=\"twitter:card\" content=\"summary_large_image\" \/>\n<meta name=\"twitter:label1\" content=\"Estimated reading time\" \/>\n\t<meta name=\"twitter:data1\" content=\"1 minute\" \/>\n<script type=\"application\/ld+json\" class=\"yoast-schema-graph\">{\"@context\":\"https:\\\/\\\/schema.org\",\"@graph\":[{\"@type\":\"WebPage\",\"@id\":\"https:\\\/\\\/gogreen-schweiz.ch\\\/news\\\/winterpause-auf-dem-wochenmarkt\\\/\",\"url\":\"https:\\\/\\\/gogreen-schweiz.ch\\\/news\\\/winterpause-auf-dem-wochenmarkt\\\/\",\"name\":\"Winterpause auf dem Wochenmarkt. - Go Green - Schweiz GmbH\",\"isPartOf\":{\"@id\":\"https:\\\/\\\/gogreen-schweiz.ch\\\/#website\"},\"primaryImageOfPage\":{\"@id\":\"https:\\\/\\\/gogreen-schweiz.ch\\\/news\\\/winterpause-auf-dem-wochenmarkt\\\/#primaryimage\"},\"image\":{\"@id\":\"https:\\\/\\\/gogreen-schweiz.ch\\\/news\\\/winterpause-auf-dem-wochenmarkt\\\/#primaryimage\"},\"thumbnailUrl\":\"https:\\\/\\\/gogreen-schweiz.ch\\\/wp-content\\\/uploads\\\/2025\\\/12\\\/winterpause.webp\",\"datePublished\":\"2025-12-01T10:00:39+00:00\",\"dateModified\":\"2025-12-17T13:18:32+00:00\",\"breadcrumb\":{\"@id\":\"https:\\\/\\\/gogreen-schweiz.ch\\\/news\\\/winterpause-auf-dem-wochenmarkt\\\/#breadcrumb\"},\"inLanguage\":\"en-GB\",\"potentialAction\":[{\"@type\":\"ReadAction\",\"target\":[\"https:\\\/\\\/gogreen-schweiz.ch\\\/news\\\/winterpause-auf-dem-wochenmarkt\\\/\"]}]},{\"@type\":\"ImageObject\",\"inLanguage\":\"en-GB\",\"@id\":\"https:\\\/\\\/gogreen-schweiz.ch\\\/news\\\/winterpause-auf-dem-wochenmarkt\\\/#primaryimage\",\"url\":\"https:\\\/\\\/gogreen-schweiz.ch\\\/wp-content\\\/uploads\\\/2025\\\/12\\\/winterpause.webp\",\"contentUrl\":\"https:\\\/\\\/gogreen-schweiz.ch\\\/wp-content\\\/uploads\\\/2025\\\/12\\\/winterpause.webp\",\"width\":400,\"height\":515},{\"@type\":\"BreadcrumbList\",\"@id\":\"https:\\\/\\\/gogreen-schweiz.ch\\\/news\\\/winterpause-auf-dem-wochenmarkt\\\/#breadcrumb\",\"itemListElement\":[{\"@type\":\"ListItem\",\"position\":1,\"name\":\"Home\",\"item\":\"https:\\\/\\\/gogreen-schweiz.ch\\\/\"},{\"@type\":\"ListItem\",\"position\":2,\"name\":\"News\",\"item\":\"https:\\\/\\\/gogreen-schweiz.ch\\\/news\\\/\"},{\"@type\":\"ListItem\",\"position\":3,\"name\":\"Winterpause auf dem Wochenmarkt.\"}]},{\"@type\":\"WebSite\",\"@id\":\"https:\\\/\\\/gogreen-schweiz.ch\\\/#website\",\"url\":\"https:\\\/\\\/gogreen-schweiz.ch\\\/\",\"name\":\"Go Green - Schweiz GmbH\",\"description\":\"\",\"publisher\":{\"@id\":\"https:\\\/\\\/gogreen-schweiz.ch\\\/#organization\"},\"potentialAction\":[{\"@type\":\"SearchAction\",\"target\":{\"@type\":\"EntryPoint\",\"urlTemplate\":\"https:\\\/\\\/gogreen-schweiz.ch\\\/?s={search_term_string}\"},\"query-input\":{\"@type\":\"PropertyValueSpecification\",\"valueRequired\":true,\"valueName\":\"search_term_string\"}}],\"inLanguage\":\"en-GB\"},{\"@type\":\"Organization\",\"@id\":\"https:\\\/\\\/gogreen-schweiz.ch\\\/#organization\",\"name\":\"Go Green - Schweiz GmbH\",\"url\":\"https:\\\/\\\/gogreen-schweiz.ch\\\/\",\"logo\":{\"@type\":\"ImageObject\",\"inLanguage\":\"en-GB\",\"@id\":\"https:\\\/\\\/gogreen-schweiz.ch\\\/#\\\/schema\\\/logo\\\/image\\\/\",\"url\":\"https:\\\/\\\/gogreen-schweiz.ch\\\/wp-content\\\/uploads\\\/2025\\\/07\\\/cropped-Go-Green.webp\",\"contentUrl\":\"https:\\\/\\\/gogreen-schweiz.ch\\\/wp-content\\\/uploads\\\/2025\\\/07\\\/cropped-Go-Green.webp\",\"width\":512,\"height\":512,\"caption\":\"Go Green - Schweiz GmbH\"},\"image\":{\"@id\":\"https:\\\/\\\/gogreen-schweiz.ch\\\/#\\\/schema\\\/logo\\\/image\\\/\"},\"sameAs\":[\"https:\\\/\\\/www.instagram.com\\\/gogreenschweiz\"]}]}<\/script>\n<!-- \/ Yoast SEO plugin. -->","yoast_head_json":{"title":"Winterpause auf dem Wochenmarkt. - Go Green - Schweiz GmbH","robots":{"index":"index","follow":"follow","max-snippet":"max-snippet:-1","max-image-preview":"max-image-preview:large","max-video-preview":"max-video-preview:-1"},"canonical":"https:\/\/gogreen-schweiz.ch\/en\/news\/winterpause-auf-dem-wochenmarkt\/","og_locale":"en_GB","og_type":"article","og_title":"Winterpause auf dem Wochenmarkt. - Go Green - Schweiz GmbH","og_description":"Wir machen Winterpause auf dem Markt \u2013 aber Vitamine bleiben bei Ihnen! Ab 01.12.2025 bis 01.04.2026 Von Dezember bis M\u00e4rz sind wir nicht auf dem Wochenmarkt, da Mikrogr\u00fcn nicht gut mit K\u00e4lte zurechtkommt. Aber Sie k\u00f6nnen unsere Produkte weiterhin das ganze Jahr \u00fcber geniessen! Online bestellen","og_url":"https:\/\/gogreen-schweiz.ch\/en\/news\/winterpause-auf-dem-wochenmarkt\/","og_site_name":"Go Green - Schweiz GmbH","article_modified_time":"2025-12-17T13:18:32+00:00","og_image":[{"width":400,"height":515,"url":"https:\/\/gogreen-schweiz.ch\/wp-content\/uploads\/2025\/12\/winterpause.webp","type":"image\/webp"}],"twitter_card":"summary_large_image","twitter_misc":{"Estimated reading time":"1 minute"},"schema":{"@context":"https:\/\/schema.org","@graph":[{"@type":"WebPage","@id":"https:\/\/gogreen-schweiz.ch\/news\/winterpause-auf-dem-wochenmarkt\/","url":"https:\/\/gogreen-schweiz.ch\/news\/winterpause-auf-dem-wochenmarkt\/","name":"Winterpause auf dem Wochenmarkt. - Go Green - Schweiz GmbH","isPartOf":{"@id":"https:\/\/gogreen-schweiz.ch\/#website"},"primaryImageOfPage":{"@id":"https:\/\/gogreen-schweiz.ch\/news\/winterpause-auf-dem-wochenmarkt\/#primaryimage"},"image":{"@id":"https:\/\/gogreen-schweiz.ch\/news\/winterpause-auf-dem-wochenmarkt\/#primaryimage"},"thumbnailUrl":"https:\/\/gogreen-schweiz.ch\/wp-content\/uploads\/2025\/12\/winterpause.webp","datePublished":"2025-12-01T10:00:39+00:00","dateModified":"2025-12-17T13:18:32+00:00","breadcrumb":{"@id":"https:\/\/gogreen-schweiz.ch\/news\/winterpause-auf-dem-wochenmarkt\/#breadcrumb"},"inLanguage":"en-GB","potentialAction":[{"@type":"ReadAction","target":["https:\/\/gogreen-schweiz.ch\/news\/winterpause-auf-dem-wochenmarkt\/"]}]},{"@type":"ImageObject","inLanguage":"en-GB","@id":"https:\/\/gogreen-schweiz.ch\/news\/winterpause-auf-dem-wochenmarkt\/#primaryimage","url":"https:\/\/gogreen-schweiz.ch\/wp-content\/uploads\/2025\/12\/winterpause.webp","contentUrl":"https:\/\/gogreen-schweiz.ch\/wp-content\/uploads\/2025\/12\/winterpause.webp","width":400,"height":515},{"@type":"BreadcrumbList","@id":"https:\/\/gogreen-schweiz.ch\/news\/winterpause-auf-dem-wochenmarkt\/#breadcrumb","itemListElement":[{"@type":"ListItem","position":1,"name":"Home","item":"https:\/\/gogreen-schweiz.ch\/"},{"@type":"ListItem","position":2,"name":"News","item":"https:\/\/gogreen-schweiz.ch\/news\/"},{"@type":"ListItem","position":3,"name":"Winterpause auf dem Wochenmarkt."}]},{"@type":"WebSite","@id":"https:\/\/gogreen-schweiz.ch\/#website","url":"https:\/\/gogreen-schweiz.ch\/","name":"Go Green - Schweiz GmbH","description":"","publisher":{"@id":"https:\/\/gogreen-schweiz.ch\/#organization"},"potentialAction":[{"@type":"SearchAction","target":{"@type":"EntryPoint","urlTemplate":"https:\/\/gogreen-schweiz.ch\/?s={search_term_string}"},"query-input":{"@type":"PropertyValueSpecification","valueRequired":true,"valueName":"search_term_string"}}],"inLanguage":"en-GB"},{"@type":"Organization","@id":"https:\/\/gogreen-schweiz.ch\/#organization","name":"Go Green - Schweiz GmbH","url":"https:\/\/gogreen-schweiz.ch\/","logo":{"@type":"ImageObject","inLanguage":"en-GB","@id":"https:\/\/gogreen-schweiz.ch\/#\/schema\/logo\/image\/","url":"https:\/\/gogreen-schweiz.ch\/wp-content\/uploads\/2025\/07\/cropped-Go-Green.webp","contentUrl":"https:\/\/gogreen-schweiz.ch\/wp-content\/uploads\/2025\/07\/cropped-Go-Green.webp","width":512,"height":512,"caption":"Go Green - Schweiz GmbH"},"image":{"@id":"https:\/\/gogreen-schweiz.ch\/#\/schema\/logo\/image\/"},"sameAs":["https:\/\/www.instagram.com\/gogreenschweiz"]}]}},"jetpack_sharing_enabled":true,"_links":{"self":[{"href":"https:\/\/gogreen-schweiz.ch\/en\/wp-json\/wp\/v2\/news\/1968","targetHints":{"allow":["GET"]}}],"collection":[{"href":"https:\/\/gogreen-schweiz.ch\/en\/wp-json\/wp\/v2\/news"}],"about":[{"href":"https:\/\/gogreen-schweiz.ch\/en\/wp-json\/wp\/v2\/types\/news"}],"author":[{"embeddable":true,"href":"https:\/\/gogreen-schweiz.ch\/en\/wp-json\/wp\/v2\/users\/1"}],"replies":[{"embeddable":true,"href":"https:\/\/gogreen-schweiz.ch\/en\/wp-json\/wp\/v2\/comments?post=1968"}],"version-history":[{"count":1,"href":"https:\/\/gogreen-schweiz.ch\/en\/wp-json\/wp\/v2\/news\/1968\/revisions"}],"predecessor-version":[{"id":1969,"href":"https:\/\/gogreen-schweiz.ch\/en\/wp-json\/wp\/v2\/news\/1968\/revisions\/1969"}],"wp:featuredmedia":[{"embeddable":true,"href":"https:\/\/gogreen-schweiz.ch\/en\/wp-json\/wp\/v2\/media\/1894"}],"wp:attachment":[{"href":"https:\/\/gogreen-schweiz.ch\/en\/wp-json\/wp\/v2\/media?parent=1968"}],"wp:term":[{"taxonomy":"post_tag","embeddable":true,"href":"https:\/\/gogreen-schweiz.ch\/en\/wp-json\/wp\/v2\/tags?post=1968"},{"taxonomy":"news-category","embeddable":true,"href":"https:\/\/gogreen-schweiz.ch\/en\/wp-json\/wp\/v2\/news-category?post=1968"}],"curies":[{"name":"wp","href":"https:\/\/api.w.org\/{rel}","templated":true}]}}